{"id":964,"date":"2021-10-28T20:36:50","date_gmt":"2021-10-28T20:36:50","guid":{"rendered":"http:\/\/apie.com.ar\/?p=964"},"modified":"2021-10-28T20:36:50","modified_gmt":"2021-10-28T20:36:50","slug":"convocatoria-a-asamblea-general-ordinaria-a-celebrarse-el-dia-martes-02-de-noviembre-de-2-021","status":"publish","type":"post","link":"http:\/\/apie.com.ar\/?p=964","title":{"rendered":"CONVOCATORIA A ASAMBLEA GENERAL ORDINARIA a celebrarse el d\u00eda martes 02 de noviembre de 2.021"},"content":{"rendered":"\n<h2 class=\"wp-block-heading\"><\/h2>\n\n\n\n<p>Por Acta N\u00b0\n03\/2021 de la Comisi\u00f3n Directiva, de fecha 28\/09\/2021, se convoca a los\nasociados a <strong>Asamblea General Ordinaria<\/strong>, a celebrarse el d\u00eda <strong>martes 02\nde noviembre de 2.021<\/strong>, a las <strong>18:00 horas<\/strong>\n(la misma comenzar\u00e1 a las 18:30 hs., luego de la tolerancia establecida por\nEstatuto), bajo la <strong>modalidad a distancia<\/strong> (a trav\u00e9s\nde la plataforma Zoom) de acuerdo a lo dispuesto en la Resoluci\u00f3n N\u00b0 25\n\u201cG\u201d\/2020 de la Direcci\u00f3n General de Inspecci\u00f3n de Personas Jur\u00eddicas, para\ntratar el siguiente<\/p>\n\n\n\n<p><strong>Orden del D\u00eda:<\/strong><\/p>\n\n\n\n<ol><li>Designaci\u00f3n\n     de dos asociados que suscriban el Acta de Asamblea junto al Presidente y\n     Secretario;<\/li><li>Consideraci\u00f3n\n     de la Memoria, Informe de la Comisi\u00f3n Revisora de Cuentas y documentaci\u00f3n\n     contable correspondiente al Ejercicio Econ\u00f3mico N\u00b0 68, cerrado el 30 de\n     junio de 2.021;<\/li><li>Realizaci\u00f3n\n     de la Asamblea fuera del t\u00e9rmino fijado en el Estatuto.<\/li><\/ol>\n\n\n\n<p><strong>Link de acceso a la Asamblea:<\/strong> <a href=\"https:\/\/us02web.zoom.us\/j\/9890164543\" target=\"_blank\" rel=\"noreferrer noopener\">https:\/\/us02web.zoom.us\/j\/9890164543<\/a><\/p>\n\n\n\n<p><strong>La Comisi\u00f3n Directiva<\/strong><\/p>\n\n\n\n<p><\/p>\n\n\n\n<p><\/p>\n","protected":false},"excerpt":{"rendered":"<p>Por Acta N\u00b0 03\/2021 de la Comisi\u00f3n Directiva, de fecha 28\/09\/2021, se convoca a los asociados a Asamblea General Ordinaria, a celebrarse el d\u00eda martes 02 de noviembre de 2.021, a las 18:00 horas (la misma comenzar\u00e1 a las 18:30 hs., luego de la tolerancia establecida por Estatuto), bajo la modalidad a distancia (a trav\u00e9s [&hellip;]<\/p>\n","protected":false},"author":2,"featured_media":0,"comment_status":"closed","ping_status":"open","sticky":false,"template":"","format":"aside","meta":{"footnotes":""},"categories":[5,1],"tags":[],"_links":{"self":[{"href":"http:\/\/apie.com.ar\/index.php?rest_route=\/wp\/v2\/posts\/964"}],"collection":[{"href":"http:\/\/apie.com.ar\/index.php?rest_route=\/wp\/v2\/posts"}],"about":[{"href":"http:\/\/apie.com.ar\/index.php?rest_route=\/wp\/v2\/types\/post"}],"author":[{"embeddable":true,"href":"http:\/\/apie.com.ar\/index.php?rest_route=\/wp\/v2\/users\/2"}],"replies":[{"embeddable":true,"href":"http:\/\/apie.com.ar\/index.php?rest_route=%2Fwp%2Fv2%2Fcomments&post=964"}],"version-history":[{"count":2,"href":"http:\/\/apie.com.ar\/index.php?rest_route=\/wp\/v2\/posts\/964\/revisions"}],"predecessor-version":[{"id":968,"href":"http:\/\/apie.com.ar\/index.php?rest_route=\/wp\/v2\/posts\/964\/revisions\/968"}],"wp:attachment":[{"href":"http:\/\/apie.com.ar\/index.php?rest_route=%2Fwp%2Fv2%2Fmedia&parent=964"}],"wp:term":[{"taxonomy":"category","embeddable":true,"href":"http:\/\/apie.com.ar\/index.php?rest_route=%2Fwp%2Fv2%2Fcategories&post=964"},{"taxonomy":"post_tag","embeddable":true,"href":"http:\/\/apie.com.ar\/index.php?rest_route=%2Fwp%2Fv2%2Ftags&post=964"}],"curies":[{"name":"wp","href":"https:\/\/api.w.org\/{rel}","templated":true}]}}