{"id":81,"date":"2011-10-19T23:18:52","date_gmt":"2011-10-19T23:18:52","guid":{"rendered":"http:\/\/apie.com.ar\/?p=81"},"modified":"2015-06-19T23:19:18","modified_gmt":"2015-06-19T23:19:18","slug":"invitacion-panel-cambio-climatico","status":"publish","type":"post","link":"http:\/\/apie.com.ar\/?p=81","title":{"rendered":"Invitaci\u00f3n Panel Cambio Clim\u00e1tico"},"content":{"rendered":"<p align=\"center\"><img loading=\"lazy\" decoding=\"async\" src=\"http:\/\/www.apie.com.ar\/Boletines\/boletin-19\/logo%20cambio.jpg\" alt=\"\" width=\"218\" height=\"85\" \/><\/p>\n<p><strong>La Universidad Blas Pascal (UBP), la Universidad Tecnol\u00f3gica Nacional Facultad Regional C\u00f3rdoba (UTN FRC) y la Asociaci\u00f3n Profesional de Ingenieros Especialistas (APIE), expresan su \u00a0inquietud sobre el tema que preocupa a la Humanidad; el Cambio Clim\u00e1tico.<\/strong><\/p>\n<p>Est\u00e1 demostrado la incidencia de la evoluci\u00f3n y de la actividad antropog\u00e9nica en el efecto invernadero. El \u00faltimo informe de las Naciones Unidas, a trav\u00e9s del Panel de Expertos,\u00a0 prev\u00e9 que la temperatura de la Tierra aumente entre 1,5 y 2,5 grados, que suba 0,5 m. el nivel del mar y que se extinga el 30% de las especies. En particular Am\u00e9rica Latina perder\u00eda el 50% de sus tierras agr\u00edcolas en los pr\u00f3ximos 40 a\u00f1os.<br \/>\nEs necesaria la adaptaci\u00f3n de una estrategia en todas las escalas para complementar los esfuerzos de mitigaci\u00f3n del Cambio Clim\u00e1tico.<br \/>\nEn definitiva la ausencia de la ecolog\u00eda pol\u00edtica en las tomas de decisi\u00f3n. Los instrumentos -tratados internacionales- constituyen verdaderas fuentes, esfuerzos, an\u00e1lisis y recomendaciones que no solo deben ser reconocidos por los estados, firmados por los ejecutivos y ratificados por los congresos, sino verdaderamente implantados en el m\u00e1s profundo nivel local, regional y nacional.<br \/>\nHay que realizar mayores inversiones en el \u00e1mbito de la seguridad ambiental para una \u201csustentabilidad\u201d global. Lo cual implica superar la visi\u00f3n \u201ceconomicista\u201d, militarista e \u201cideologizante\u201d de grandes tradiciones culturales, pol\u00edticas y de Estado. No basta con crear, formular y publicar declaraciones sin un debido compromiso real.<\/p>\n<p><strong>M\u00e1s all\u00e1 de los protocolos y los discursos elegantes est\u00e1n los desaf\u00edos reales.<\/strong><\/p>\n<p><strong>Si las naciones no act\u00faan, el mundo podr\u00e1 experimentar numerosos impactos adversos como resultado del calentamiento global futuro.<\/strong><\/p>\n<p><strong>Consecuentemente las entidades que representamos, han decidido organizar el Panel \u201cCambio Clim\u00e1tico\u201d importante suceso, que se desarrollar\u00e1 seg\u00fan el detalle que exponemos:<\/strong><\/p>\n<p align=\"center\"><strong>Panelistas<\/strong><br \/>\n<strong>Prof. Alberto Ferral\u00a0 \u00a0 \u00a0\u00a0 \u00a0\u00a0\u00a0\u00a0\u00a0\u00a0\u00a0\u00a0\u00a0\u00a0\u00a0\u00a0\u00a0\u00a0\u00a0\u00a0\u00a0\u00a0\u00a0 \u00a0UBP<\/strong><br \/>\n<strong>Ing. Enrique Maca\u00f1o \u00a0\u00a0\u00a0\u00a0\u00a0\u00a0\u00a0\u00a0\u00a0\u00a0\u00a0\u00a0\u00a0\u00a0\u00a0\u00a0 \u00a0UTN FRC<\/strong><br \/>\n<strong>Dr. Osvaldo Scavuzzo\u00a0\u00a0\u00a0\u00a0 \u00a0\u00a0\u00a0\u00a0\u00a0\u00a0\u00a0\u00a0\u00a0\u00a0\u00a0\u00a0\u00a0\u00a0 CONAE<\/strong><br \/>\n<strong>Dr. Biol. Manuel Nores\u00a0\u00a0\u00a0\u00a0\u00a0\u00a0\u00a0\u00a0\u00a0\u00a0\u00a0\u00a0\u00a0\u00a0\u00a0 CONICET<\/strong><strong>\u00a0<\/strong><\/p>\n<p align=\"center\"><strong>Lugar y Fecha:\u00a0<\/strong> Sal\u00f3n de Actos\u00a0&#8211; UTN FRC\u00a0<strong>&#8211; <\/strong>Noviembre 3 de 2011\u00a0\u00a0 <strong>Hora:<\/strong> 18:00 hs.<\/p>\n<p align=\"center\"><strong>Invitamos a participar pues los <\/strong><strong>problemas Ecol\u00f3gicos y de la Seguridad Humana nos afectan a todos por igual.<\/strong><\/p>\n<p align=\"left\"><img loading=\"lazy\" decoding=\"async\" src=\"http:\/\/www.apie.com.ar\/Boletines\/boletin-19\/logos.jpg\" alt=\"\" width=\"709\" height=\"125\" \/><\/p>\n","protected":false},"excerpt":{"rendered":"<p>La Universidad Blas Pascal (UBP), la Universidad Tecnol\u00f3gica Nacional Facultad Regional C\u00f3rdoba (UTN FRC) y la Asociaci\u00f3n Profesional de Ingenieros Especialistas (APIE), expresan su \u00a0inquietud sobre el tema que preocupa a la Humanidad; el Cambio Clim\u00e1tico. Est\u00e1 demostrado la incidencia de la evoluci\u00f3n y de la actividad antropog\u00e9nica en el efecto invernadero. El \u00faltimo informe [&hellip;]<\/p>\n","protected":false},"author":2,"featured_media":0,"comment_status":"closed","ping_status":"open","sticky":false,"template":"","format":"standard","meta":{"footnotes":""},"categories":[8],"tags":[],"_links":{"self":[{"href":"http:\/\/apie.com.ar\/index.php?rest_route=\/wp\/v2\/posts\/81"}],"collection":[{"href":"http:\/\/apie.com.ar\/index.php?rest_route=\/wp\/v2\/posts"}],"about":[{"href":"http:\/\/apie.com.ar\/index.php?rest_route=\/wp\/v2\/types\/post"}],"author":[{"embeddable":true,"href":"http:\/\/apie.com.ar\/index.php?rest_route=\/wp\/v2\/users\/2"}],"replies":[{"embeddable":true,"href":"http:\/\/apie.com.ar\/index.php?rest_route=%2Fwp%2Fv2%2Fcomments&post=81"}],"version-history":[{"count":1,"href":"http:\/\/apie.com.ar\/index.php?rest_route=\/wp\/v2\/posts\/81\/revisions"}],"predecessor-version":[{"id":82,"href":"http:\/\/apie.com.ar\/index.php?rest_route=\/wp\/v2\/posts\/81\/revisions\/82"}],"wp:attachment":[{"href":"http:\/\/apie.com.ar\/index.php?rest_route=%2Fwp%2Fv2%2Fmedia&parent=81"}],"wp:term":[{"taxonomy":"category","embeddable":true,"href":"http:\/\/apie.com.ar\/index.php?rest_route=%2Fwp%2Fv2%2Fcategories&post=81"},{"taxonomy":"post_tag","embeddable":true,"href":"http:\/\/apie.com.ar\/index.php?rest_route=%2Fwp%2Fv2%2Ftags&post=81"}],"curies":[{"name":"wp","href":"https:\/\/api.w.org\/{rel}","templated":true}]}}