{"id":802,"date":"2018-12-27T12:56:08","date_gmt":"2018-12-27T12:56:08","guid":{"rendered":"http:\/\/apie.com.ar\/?p=802"},"modified":"2018-12-27T12:56:08","modified_gmt":"2018-12-27T12:56:08","slug":"expo-renovables-2018-participacion-del-grupo-ges-apie","status":"publish","type":"post","link":"http:\/\/apie.com.ar\/?p=802","title":{"rendered":"EXPO RENOVABLES 2018\u00a0 Participaci\u00f3n del Grupo GES-APIE"},"content":{"rendered":"<p style=\"text-align: left;\" align=\"center\"><img loading=\"lazy\" decoding=\"async\" src=\"http:\/\/www.apie.com.ar\/Boletines\/boletin-61\/inst-4_clip_image002.gif\" width=\"205\" height=\"272\" align=\"left\" hspace=\"12\" vspace=\"12\" \/><strong><img loading=\"lazy\" decoding=\"async\" src=\"http:\/\/www.apie.com.ar\/Boletines\/boletin-61\/inst-4_clip_image004.gif\" width=\"306\" height=\"55\" \/><\/strong><br \/>\nDurante la semana del 5 al 9 de noviembre se realiz\u00f3 en la ciudad de C\u00f3rdoba el evento denominado \u201cSemana C\u00f3rdoba Sustentable\u201d. El mismo se desarroll\u00f3 en el Centro de Eventos Forja, y cont\u00f3 con la organizaci\u00f3n de tres eventos simult\u00e1neos, relacionados con las energ\u00edas renovables, el uso eficiente de la energ\u00eda, la generaci\u00f3n el\u00e9ctrica distribuida y la arquitectura sustentable.<!--more--><\/p>\n<p>&nbsp;<\/p>\n<p>&nbsp;<\/p>\n<p style=\"text-align: left;\" align=\"center\">Estos eventos fueron apoyados por importantes organismos gubernamentales provinciales y nacionales:<\/p>\n<table border=\"0\" width=\"37%\" cellpadding=\"2\" align=\"right\">\n<tbody>\n<tr>\n<td><img loading=\"lazy\" decoding=\"async\" src=\"http:\/\/www.apie.com.ar\/Boletines\/boletin-61\/inst-4_clip_image006.gif\" width=\"281\" height=\"209\" align=\"left\" hspace=\"12\" vspace=\"12\" \/><\/td>\n<\/tr>\n<\/tbody>\n<\/table>\n<p align=\"center\">\n<ol>\n<li>XLI REUNI\u00d3N DE TRABAJO ASADES | ASOCIACI\u00d3N ARGENTINA DE ENERG\u00cdAS RENOVABLES Y AMBIENTE (5-8 de Noviembre 2018)<\/li>\n<li>EXPORENOVABLES 2018 | EXPOSICI\u00d3N DE ENERG\u00cdAS RENOVABLES Y ARQ. SUSTENTABLE (7-9 de Noviembre 2018)<\/li>\n<li>2DO ENCUENTRO NACIONAL SOBRE GENERACI\u00d3N EL\u00c9CTRICA DISTRIBUIDA CON ENERG\u00cdAS RENOVABLE (9 de Noviembre 2018)<\/li>\n<\/ol>\n<p>&nbsp;<\/p>\n<p>La Asociaci\u00f3n Profesional de Ingenieros Especialistas de C\u00f3rdoba (APIE) particip\u00f3 activamente en la EXPORENOVABLES, a trav\u00e9s de un Stand Institucional otorgado Grupo GES-APIE.<\/p>\n<p>El grupo es un espacio de trabajo voluntario, pero profesional, que busca dinamizar la Energ\u00eda Solar localmente, y la propuesta se bas\u00f3 en mostrar el impacto que ha tenido y seguir\u00e1 teniendo el mismo, a trav\u00e9s de la realizaci\u00f3n de diversas actividades. Para ello, se expusieron principalmente, las jornadas de mayor difusi\u00f3n que se han realizado, adem\u00e1s de mostrar la participaci\u00f3n del grupo en otros cursos, encuentros y asesor\u00edas.<\/p>\n<p><img loading=\"lazy\" decoding=\"async\" src=\"http:\/\/www.apie.com.ar\/Boletines\/boletin-61\/inst-4_clip_image008.gif\" width=\"271\" height=\"202\" align=\"left\" hspace=\"12\" vspace=\"12\" \/>Algunos de los integrantes participaron adem\u00e1s del Segundo Encuentro Nacional sobre Generaci\u00f3n El\u00e9ctrica Distribuida con Energ\u00edas Renovables, cuyo fin fue nuclear a los diferentes actores que desde el a\u00f1o 2012 se encuentran trabajando para impulsar el uso de energ\u00edas renovables, principalmente la energ\u00eda solar fotovoltaica, en ciudades. El Encuentro busc\u00f3 promover el debate, bajo la din\u00e1mica de mesas de debate conformadas por especialistas, distribuidas a lo largo de la jornada y basadas cada una en un tema espec\u00edfico.<\/p>\n<p>&nbsp;<\/p>\n<table border=\"0\" width=\"37%\" cellpadding=\"2\" align=\"right\">\n<tbody>\n<tr>\n<td><img loading=\"lazy\" decoding=\"async\" src=\"http:\/\/www.apie.com.ar\/Boletines\/boletin-61\/inst-4_clip_image010.jpg\" width=\"282\" height=\"321\" align=\"left\" hspace=\"12\" \/><\/td>\n<\/tr>\n<\/tbody>\n<\/table>\n<p>Este tipo de iniciativas resultan fundamentales para generar un punto de encuentro estrat\u00e9gico y de difusi\u00f3n en este \u00e1mbito, por lo cual se invit\u00f3 a los asistentes a las Jornadas a formar parte del Grupo GES-APIE, ya sea a trav\u00e9s de una participaci\u00f3n activa, o simplemente a trav\u00e9s de la recepci\u00f3n del Bolet\u00edn mensual. La actividad fue sumamente productiva, logrando captar el inter\u00e9s de casi ochenta personas que se involucraron de una u otra manera.<\/p>\n<p>Se aprovech\u00f3 de esta manera, un marco propicio para la difusi\u00f3n y el desarrollo de las Energ\u00edas Renovables en nuestro pa\u00eds, as\u00ed como para promover la aplicaci\u00f3n del desarrollo de trabajo local y regional.<\/p>\n<p>&nbsp;<\/p>\n<table border=\"0\" width=\"46%\" cellpadding=\"2\" align=\"center\">\n<tbody>\n<tr>\n<td><img loading=\"lazy\" decoding=\"async\" src=\"http:\/\/www.apie.com.ar\/Boletines\/boletin-61\/inst-4_clip_image012.jpg\" width=\"349\" height=\"141\" \/><\/td>\n<\/tr>\n<tr>\n<td>Redacci\u00f3n: Ingeniera Moreno, Valeria Revisora de Cuenta Titular APIE<\/td>\n<\/tr>\n<\/tbody>\n<\/table>\n<p>&nbsp;<\/p>\n","protected":false},"excerpt":{"rendered":"<p>Durante la semana del 5 al 9 de noviembre se realiz\u00f3 en la ciudad de C\u00f3rdoba el evento denominado \u201cSemana C\u00f3rdoba Sustentable\u201d. El mismo se desarroll\u00f3 en el Centro de Eventos Forja, y cont\u00f3 con la organizaci\u00f3n de tres eventos simult\u00e1neos, relacionados con las energ\u00edas renovables, el uso eficiente de la energ\u00eda, la generaci\u00f3n el\u00e9ctrica [&hellip;]<\/p>\n","protected":false},"author":2,"featured_media":0,"comment_status":"closed","ping_status":"open","sticky":false,"template":"","format":"aside","meta":{"footnotes":""},"categories":[7,11],"tags":[],"_links":{"self":[{"href":"http:\/\/apie.com.ar\/index.php?rest_route=\/wp\/v2\/posts\/802"}],"collection":[{"href":"http:\/\/apie.com.ar\/index.php?rest_route=\/wp\/v2\/posts"}],"about":[{"href":"http:\/\/apie.com.ar\/index.php?rest_route=\/wp\/v2\/types\/post"}],"author":[{"embeddable":true,"href":"http:\/\/apie.com.ar\/index.php?rest_route=\/wp\/v2\/users\/2"}],"replies":[{"embeddable":true,"href":"http:\/\/apie.com.ar\/index.php?rest_route=%2Fwp%2Fv2%2Fcomments&post=802"}],"version-history":[{"count":1,"href":"http:\/\/apie.com.ar\/index.php?rest_route=\/wp\/v2\/posts\/802\/revisions"}],"predecessor-version":[{"id":803,"href":"http:\/\/apie.com.ar\/index.php?rest_route=\/wp\/v2\/posts\/802\/revisions\/803"}],"wp:attachment":[{"href":"http:\/\/apie.com.ar\/index.php?rest_route=%2Fwp%2Fv2%2Fmedia&parent=802"}],"wp:term":[{"taxonomy":"category","embeddable":true,"href":"http:\/\/apie.com.ar\/index.php?rest_route=%2Fwp%2Fv2%2Fcategories&post=802"},{"taxonomy":"post_tag","embeddable":true,"href":"http:\/\/apie.com.ar\/index.php?rest_route=%2Fwp%2Fv2%2Ftags&post=802"}],"curies":[{"name":"wp","href":"https:\/\/api.w.org\/{rel}","templated":true}]}}