{"id":740,"date":"2018-03-02T13:56:59","date_gmt":"2018-03-02T13:56:59","guid":{"rendered":"http:\/\/apie.com.ar\/?p=740"},"modified":"2018-03-28T13:57:29","modified_gmt":"2018-03-28T13:57:29","slug":"graduados-sin-titulo-docente-podran-estudiar-trayecto-pedagogico-para-dar-clases","status":"publish","type":"post","link":"http:\/\/apie.com.ar\/?p=740","title":{"rendered":"Graduados sin t\u00edtulo docente podr\u00e1n estudiar trayecto pedag\u00f3gico para dar clases"},"content":{"rendered":"<p align=\"center\"><img loading=\"lazy\" decoding=\"async\" src=\"http:\/\/www.apie.com.ar\/Boletines\/boletin-57\/ig-2_clip_image002.jpg\" width=\"381\" height=\"229\" align=\"left\" hspace=\"12\" \/><\/p>\n<p>Otorgar\u00e1 el t\u00edtulo de Profesor para el Nivel Secundario en varias materias. A su vez, ofrece a los profesores con t\u00edtulo docente del secundario, un trayecto formativo complementario habilitante para el nivel superior.<\/p>\n<p>Aquellos profesionales que se hayan<strong>\u00a0graduado con t\u00edtulos superiores y\/o universitarios<\/strong>\u00a0en Matem\u00e1tica, Lengua y Literatura, F\u00edsica, Qu\u00edmica, Biolog\u00eda, Historia, Geograf\u00eda o Ingl\u00e9s\u00a0<strong>sin t\u00edtulo docente y tengan inter\u00e9s en dar clases,<\/strong>\u00a0tendr\u00e1n la posibilidad de acceder al trayecto de formaci\u00f3n pedag\u00f3gica.<br \/>\nDe esta manera el Ministerio de Educaci\u00f3n de la Provincia de C\u00f3rdoba informa que a partir del mes de marzo de 2018, a trav\u00e9s del Instituto Superior de Estudios Pedag\u00f3gicos (ISEP), ofrecer\u00e1 la posibilidad de cursar Trayectos de Formaci\u00f3n Pedag\u00f3gica para graduados que no poseen t\u00edtulo docente, de acceso p\u00fablico y gratuito.<br \/>\nEsta formaci\u00f3n cobra relevancia ya que aporta herramientas a los docentes que suman valor agregado y aumentan la calidad en la transmisi\u00f3n del conocimiento, posibilitando mayores oportunidades de aprendizajes a los estudiantes y beneficiando, en definitiva, a toda la comunidad educativa.<br \/>\nEl trayecto\u00a0<strong>otorga el t\u00edtulo de Profesor<\/strong>\u00a0para la Ense\u00f1anza en el Nivel Secundario en Matem\u00e1tica, Lengua y Literatura, F\u00edsica, Qu\u00edmica, Biolog\u00eda, Historia, Geograf\u00eda e Ingl\u00e9s. Por otro lado, ofrece a los profesores con t\u00edtulo docente del nivel secundario en esas disciplinas, un trayecto formativo complementario que les dar\u00e1 la oportunidad de obtener la habilitaci\u00f3n para el nivel superior.<br \/>\nCabe destacar que la cartera educativa impulsa esta formaci\u00f3n teniendo en cuenta las vacancias en el sistema educativo de C\u00f3rdoba y la destina a quienes posean titulaci\u00f3n superior y\/o universitaria habilitante para las materias mencionadas.<br \/>\nLos interesados en conocer m\u00e1s detalles podr\u00e1n realizar consultas a partir del 1 de febrero en la Mesa de Ayuda del ISEP, de 9 a 19 llamando al tel\u00e9fono (0351) 4332668 o escribiendo a\u00a0\u00a0<a href=\"mailto:mesadeayuda@isep-cba.edu.ar\">mesadeayuda@isep-cba.edu.ar<\/a>.<\/p>\n<p><strong>\u00a0<\/strong><\/p>\n<h3><strong>M\u00e1s capacitaciones<\/strong><\/h3>\n<p>El Instituto Superior de Estudios Pedag\u00f3gicos (ISEP) informa que durante el mes de febrero de 2018, entre el 5 y 12 inclusive, se reabrir\u00e1 el per\u00edodo de pre matriculaci\u00f3n para diversos trayectos de formaci\u00f3n que se cursar\u00e1n durante el pr\u00f3ximo a\u00f1o, s\u00f3lo para aquellas carreras en las que no se haya completado el cupo durante el per\u00edodo que cerr\u00f3 el 20 de diciembre pasado.<br \/>\nLa oferta de post\u00edtulos que ser\u00e1n reabiertos se publicar\u00e1 a trav\u00e9s de\u00a0<a href=\"http:\/\/www.isep-cba.edu.ar\/\">www.isep-cba.edu.ar<\/a>, pudiendo los interesados acceder a las propuestas de formaci\u00f3n del ISEP con toda la informaci\u00f3n disponible durante las fechas indicadas. Estos cuentan con una modalidad de cursado mixta (virtual-presencial), donde el contenido de los m\u00f3dulos se desarrolla tanto en entornos virtuales como en encuentros presenciales con el acompa\u00f1amiento de un tutor.<br \/>\n<img loading=\"lazy\" decoding=\"async\" src=\"http:\/\/www.apie.com.ar\/Boletines\/boletin-57\/ig-2_clip_image004.png\" width=\"234\" height=\"52\" align=\"left\" hspace=\"12\" \/><br \/>\n29\/12\/17<\/p>\n","protected":false},"excerpt":{"rendered":"<p>Otorgar\u00e1 el t\u00edtulo de Profesor para el Nivel Secundario en varias materias. A su vez, ofrece a los profesores con t\u00edtulo docente del secundario, un trayecto formativo complementario habilitante para el nivel superior. Aquellos profesionales que se hayan\u00a0graduado con t\u00edtulos superiores y\/o universitarios\u00a0en Matem\u00e1tica, Lengua y Literatura, F\u00edsica, Qu\u00edmica, Biolog\u00eda, Historia, Geograf\u00eda o Ingl\u00e9s\u00a0sin t\u00edtulo [&hellip;]<\/p>\n","protected":false},"author":2,"featured_media":0,"comment_status":"closed","ping_status":"open","sticky":false,"template":"","format":"aside","meta":{"footnotes":""},"categories":[14],"tags":[],"_links":{"self":[{"href":"http:\/\/apie.com.ar\/index.php?rest_route=\/wp\/v2\/posts\/740"}],"collection":[{"href":"http:\/\/apie.com.ar\/index.php?rest_route=\/wp\/v2\/posts"}],"about":[{"href":"http:\/\/apie.com.ar\/index.php?rest_route=\/wp\/v2\/types\/post"}],"author":[{"embeddable":true,"href":"http:\/\/apie.com.ar\/index.php?rest_route=\/wp\/v2\/users\/2"}],"replies":[{"embeddable":true,"href":"http:\/\/apie.com.ar\/index.php?rest_route=%2Fwp%2Fv2%2Fcomments&post=740"}],"version-history":[{"count":1,"href":"http:\/\/apie.com.ar\/index.php?rest_route=\/wp\/v2\/posts\/740\/revisions"}],"predecessor-version":[{"id":741,"href":"http:\/\/apie.com.ar\/index.php?rest_route=\/wp\/v2\/posts\/740\/revisions\/741"}],"wp:attachment":[{"href":"http:\/\/apie.com.ar\/index.php?rest_route=%2Fwp%2Fv2%2Fmedia&parent=740"}],"wp:term":[{"taxonomy":"category","embeddable":true,"href":"http:\/\/apie.com.ar\/index.php?rest_route=%2Fwp%2Fv2%2Fcategories&post=740"},{"taxonomy":"post_tag","embeddable":true,"href":"http:\/\/apie.com.ar\/index.php?rest_route=%2Fwp%2Fv2%2Ftags&post=740"}],"curies":[{"name":"wp","href":"https:\/\/api.w.org\/{rel}","templated":true}]}}