{"id":702,"date":"2017-11-07T19:54:13","date_gmt":"2017-11-07T19:54:13","guid":{"rendered":"http:\/\/apie.com.ar\/?p=702"},"modified":"2017-11-13T19:54:40","modified_gmt":"2017-11-13T19:54:40","slug":"alemania-deja-atras-la-energia-nuclear-para-invertir-en-solar-eolica-y-biomasa","status":"publish","type":"post","link":"http:\/\/apie.com.ar\/?p=702","title":{"rendered":"Alemania deja atr\u00e1s la energ\u00eda nuclear para invertir en solar, e\u00f3lica y biomasa"},"content":{"rendered":"<p><em><img loading=\"lazy\" decoding=\"async\" src=\"http:\/\/www.apie.com.ar\/Boletines\/boletin-55\/ib1_clip_image002.jpg\" width=\"311\" height=\"171\" align=\"left\" hspace=\"12\" \/>En 2015 el pa\u00eds alcanz\u00f3 una capacidad instalada de m\u00e1s de 43 GW,\u00a0la m\u00e1s alta de Europa y una de las\u00a0<\/em>m\u00e1s altas del mundo.<\/p>\n<p>Mientras algunos pa\u00edses han decidido abortar la agenda COP21 y decir adi\u00f3s a los acuerdos por el medio ambiente. En Alemania ocurre algo radicalmente positivo. El pa\u00eds est\u00e1 diciendo adi\u00f3s a la energ\u00eda nuclear, combustibles f\u00f3siles y carb\u00f3n por una opci\u00f3n m\u00e1s sostenible en largo y mediano plazo.<!--more--><\/p>\n<p>Alemania est\u00e1 impulsando una revoluci\u00f3n renovable y la energ\u00eda e\u00f3lica y solar son los puntales de estas transformaciones. En 2009 el pa\u00eds ten\u00eda 3.800 megavatios de capacidad instalada y en 2015 alcanz\u00f3 una capacidad instalada de m\u00e1s de 43GW la capacidad m\u00e1s alta de Europa y una de las m\u00e1s altas del mundo.<\/p>\n<p>En 2012 durante dos d\u00edas consecutivos las plantas de energ\u00eda solar fotovoltaicas instaladas en Alemania produjeron 22 mil Mwh en la hora del mediod\u00eda, equivalentes a la potencia de generaci\u00f3n de veinte centrales nucleares.<br \/>\nEn septiembre pasado la Asociaci\u00f3n Alemana de Agua y Energ\u00eda report\u00f3 que la energ\u00eda limpia, principalmente e\u00f3lica y solar, ya duplica la generaci\u00f3n con energ\u00eda nuclear.<\/p>\n<p>La revoluci\u00f3n renovable de llamada Energiewende est\u00e1 en apogeo y al parecer est\u00e1 dando un tiro de gracia al carb\u00f3n, petr\u00f3leo y nuclear para remplazarlas por energ\u00eda e\u00f3lica, solar, biomasa y otras renovables.<\/p>\n","protected":false},"excerpt":{"rendered":"<p>En 2015 el pa\u00eds alcanz\u00f3 una capacidad instalada de m\u00e1s de 43 GW,\u00a0la m\u00e1s alta de Europa y una de las\u00a0m\u00e1s altas del mundo. Mientras algunos pa\u00edses han decidido abortar la agenda COP21 y decir adi\u00f3s a los acuerdos por el medio ambiente. En Alemania ocurre algo radicalmente positivo. El pa\u00eds est\u00e1 diciendo adi\u00f3s a [&hellip;]<\/p>\n","protected":false},"author":2,"featured_media":0,"comment_status":"closed","ping_status":"open","sticky":false,"template":"","format":"aside","meta":{"footnotes":""},"categories":[10,11],"tags":[],"_links":{"self":[{"href":"http:\/\/apie.com.ar\/index.php?rest_route=\/wp\/v2\/posts\/702"}],"collection":[{"href":"http:\/\/apie.com.ar\/index.php?rest_route=\/wp\/v2\/posts"}],"about":[{"href":"http:\/\/apie.com.ar\/index.php?rest_route=\/wp\/v2\/types\/post"}],"author":[{"embeddable":true,"href":"http:\/\/apie.com.ar\/index.php?rest_route=\/wp\/v2\/users\/2"}],"replies":[{"embeddable":true,"href":"http:\/\/apie.com.ar\/index.php?rest_route=%2Fwp%2Fv2%2Fcomments&post=702"}],"version-history":[{"count":1,"href":"http:\/\/apie.com.ar\/index.php?rest_route=\/wp\/v2\/posts\/702\/revisions"}],"predecessor-version":[{"id":703,"href":"http:\/\/apie.com.ar\/index.php?rest_route=\/wp\/v2\/posts\/702\/revisions\/703"}],"wp:attachment":[{"href":"http:\/\/apie.com.ar\/index.php?rest_route=%2Fwp%2Fv2%2Fmedia&parent=702"}],"wp:term":[{"taxonomy":"category","embeddable":true,"href":"http:\/\/apie.com.ar\/index.php?rest_route=%2Fwp%2Fv2%2Fcategories&post=702"},{"taxonomy":"post_tag","embeddable":true,"href":"http:\/\/apie.com.ar\/index.php?rest_route=%2Fwp%2Fv2%2Ftags&post=702"}],"curies":[{"name":"wp","href":"https:\/\/api.w.org\/{rel}","templated":true}]}}