{"id":669,"date":"2017-09-27T22:31:26","date_gmt":"2017-09-27T22:31:26","guid":{"rendered":"http:\/\/apie.com.ar\/?p=669"},"modified":"2017-09-27T22:31:26","modified_gmt":"2017-09-27T22:31:26","slug":"vamos-hacia-un-mundo-complicado","status":"publish","type":"post","link":"http:\/\/apie.com.ar\/?p=669","title":{"rendered":"\u201cVamos hacia un\u00a0mundo complicado\u201d"},"content":{"rendered":"<div class=\"entry-content\">\n<table border=\"0\" width=\"24%\" cellspacing=\"3\" cellpadding=\"3\" align=\"left\">\n<tbody>\n<tr>\n<td><img loading=\"lazy\" decoding=\"async\" src=\"http:\/\/www.apie.com.ar\/Boletines\/boletin-54\/ad4_clip_image002.jpg\" width=\"264\" height=\"198\" align=\"left\" hspace=\"5\" vspace=\"5\" \/><\/td>\n<\/tr>\n<tr>\n<td>Nazareno Castillo Marin<\/td>\n<\/tr>\n<\/tbody>\n<\/table>\n<p align=\"center\"><strong>Nazareno Castillo Mar\u00edn,<\/strong><br \/>\nExperto en cambio clim\u00e1tico y calentamiento global es doctor en Ciencias Biol\u00f3gicas (UBA) y docente de Ecolog\u00eda en la Untref.<\/p>\n<p>Entre 2007 y 2014 fue director de Cambio Clim\u00e1tico en la Secretar\u00eda de Ambiente y ahora es director de Financiamiento Internacional en el Ministerio del \u00e1rea. Aqu\u00ed explica las pol\u00edticas que se promueven desde Argentina y la posici\u00f3n controvertida de EE.UU.<\/p>\n<p>El calentamiento global no es un fen\u00f3meno novedoso, ya que acompa\u00f1a y describe la historia profunda del planeta. Sin embargo, lo que en la actualidad s\u00ed se destaca es el impacto de la actividad humana en los procesos de cambio clim\u00e1tico, signados por la ingrata recurrencia de eventos extremos. Esto fue probado por el Panel Intergubernamental durante la Cumbre de Par\u00eds (2015), que cont\u00f3 con el aporte de cient\u00edficos y referentes internacionales. No obstante, las naciones m\u00e1s poderosas invierten migajas en el cuidado del medioambiente porque temen la desestabilizaci\u00f3n de sus econom\u00edas. De este modo, los compromisos se estampan en instrumentos y declaraciones que nunca se traducen en acciones concretas.<\/p>\n<p>Sobre todo esto conversa Nazareno Castillo Mar\u00edn, doctor en Ciencias Biol\u00f3gicas (UBA) y docente de Ecolog\u00eda y Microbiolog\u00eda Ambiental en la Universidad de Tres de Febrero. Fue director de Cambio Clim\u00e1tico en la Secretaria de Ambiente y Desarrollo Sustentable entre 2007 y 2014, y hoy se desempe\u00f1a como director de Financiamiento Internacional en el Ministerio que conduce Sergio Bergman. Aqu\u00ed describe las estrategias de mitigaci\u00f3n y adaptabilidad que se intentan promover en el \u00e1mbito local e internacional, subraya la necesidad del compromiso mundial frente al cambio clim\u00e1tico y, por \u00faltimo, cuenta de qu\u00e9 va su \u00faltimo material de divulgaci\u00f3n El ambientalista cient\u00edfico publicado por la editorial universitaria Eduntref.<\/p>\n<p><strong>\u2013Usted es doctor en Ciencias Biol\u00f3gicas. \u00bfPor qu\u00e9 se especializ\u00f3 en el estudio del medioambiente?<\/strong><br \/>\n\u2013Cuando ingres\u00e9 a la universidad, en principio, estaba m\u00e1s orientado a la biolog\u00eda molecular y celular, aunque enseguida me volqu\u00e9 hacia el campo de las ciencias de la tierra y la ecolog\u00eda. Pronto comenc\u00e9 a interesarme por el cambio clim\u00e1tico y, adem\u00e1s, nunca me atrajo demasiado la idea de trabajar en un laboratorio. De modo que realic\u00e9 una especializaci\u00f3n en temas ambientales y de all\u00ed, decid\u00ed pensar en un doctorado vinculado a los fen\u00f3menos atmosf\u00e9ricos.<\/p>\n<p><strong>\u2013Comenz\u00f3 con el an\u00e1lisis del cambio clim\u00e1tico cuando a\u00fan se trataba de una tem\u00e1tica sin tanta relevancia en la agenda medi\u00e1tica y pol\u00edtica&#8230;<\/strong><br \/>\n\u2013Exacto. Lo estudiaba cuando aun no exist\u00edan tantas \u00e1reas de investigaci\u00f3n abocadas a ello. Hoy es un tema de importancia central y de mucha circulaci\u00f3n en los medios de comunicaci\u00f3n. De esta manera, logr\u00e9 ocupar un cargo en gesti\u00f3n como director de Cambio Clim\u00e1tico durante 7 a\u00f1os (2007-2014) y, hoy en d\u00eda, me desempe\u00f1o como director de Financiamiento Internacional en el Ministerio de Ambiente y Desarrollo Sustentable.<\/p>\n<p><strong>\u2013Si el cambio clim\u00e1tico es un problema global, \u00bfqu\u00e9 actividades se pueden promover y ejecutar desde Argentina?<\/strong><br \/>\n\u2013En relaci\u00f3n al cambio clim\u00e1tico se pueden desarrollar dos grandes \u00e1reas. Por un lado, las pol\u00edticas de mitigaci\u00f3n que apuntan a la realizaci\u00f3n de proyectos cuyo objetivo es reducir las emisiones o capturar el CO2 que ya fue emitido. De modo que se estimulan aquellos estudios acerca de c\u00f3mo es posible generar energ\u00edas renovables en lugar de combustibles f\u00f3siles, al tiempo que se busca implementar diversas estrategias de eficiencia energ\u00e9tica y promover un manejo forestal m\u00e1s apropiado. Existe una fuente de financiamiento que se canaliza a trav\u00e9s del denominado Fondo Verde del Clima, al que los gobiernos y las empresas privadas pueden acceder. Y, por otro lado, una segunda \u00e1rea en la que se ha trabajado menos es la que intenta resolver de qu\u00e9 manera los seres humanos deben adaptarse al cambio clim\u00e1tico.<\/p>\n<p><strong>\u2013\u00bfPor qu\u00e9 han trabajado menos sobre las condiciones de adaptabilidad de los seres humanos?\u00a0<\/strong><br \/>\n\u2013En ese \u00e1mbito es m\u00e1s complicado porque debemos encaminar acciones que no cuentan con financiamiento internacional y deben sostenerse con fondos dom\u00e9sticos. B\u00e1sicamente, porque a los pa\u00edses desarrollados no les interesa poner plata en nuestra adaptaci\u00f3n ya que no los beneficia en nada. Es distinto, como comentaba, en el \u00e1mbito de la mitigaci\u00f3n porque en la medida en que los gases se mezclan en la atm\u00f3sfera no importa desde d\u00f3nde se emitan ya que se trata de un problema global.<\/p>\n<p><strong>\u2013\u00bfY qu\u00e9 pol\u00edticas se pueden dise\u00f1ar en este sentido?<\/strong><br \/>\n\u2013Se puede plantear la capacitaci\u00f3n de los productores agr\u00edcolas para que adecuen las fechas de sus cosechas y las siembras en funci\u00f3n del clima (ordenamiento territorial en base a las precipitaciones), fomentar que los municipios cuenten con sistemas de alerta temprana ante eventos extremos, brindar seguros frente a sequ\u00edas e inundaciones, planificar obras de canalizaci\u00f3n y desag\u00fce, c\u00f3digos de edificaci\u00f3n en las ciudades. Desde aqu\u00ed, el Ministerio de Ambiente tiene poca competencia en la realizaci\u00f3n de acciones concretas, ya que tiene un rol m\u00e1s asociado a las tareas de coordinaci\u00f3n.<\/p>\n<p><strong>\u2013\u00bfA qu\u00e9 se refiere?<\/strong><br \/>\n\u2013A que las acciones concretas dependen directamente de otras carteras, como del Ministerio de Agroindustria o bien del Ministerio de Energ\u00eda y Miner\u00eda, seg\u00fan los casos.<\/p>\n<p><strong>\u2013Usted se desempe\u00f1a como director de Financiamiento Internacional y el calentamiento global es un problema que compromete las voluntades, sobre todo, de los grandes l\u00edderes mundiales. \u00bfQu\u00e9 piensa respecto de una posici\u00f3n tan controvertida como la de Donald Trump?<\/strong><br \/>\n\u2013Pienso que su posici\u00f3n frente al cambio clim\u00e1tico no es muy alentadora. Estados Unidos no acept\u00f3 el Protocolo de Kioto (ratificado desde 2005 por 187 naciones), pese a ser el principal emisor de gases de efectos invernadero. En el Acuerdo de Par\u00eds (2015), Obama asegur\u00f3 la reducci\u00f3n de las emisiones aunque los compromisos son voluntarios y no legalmente vinculantes, as\u00ed que ser\u00e1 dif\u00edcil que en el futuro Trump pueda cumplir. Por otro lado, el hecho controvertido es que Estados Unidos es uno de los principales financiadores de las investigaciones y los eventos cient\u00edficos sobre cambio clim\u00e1tico. Ha aportado una parte significativa del soporte de la \u00faltima Convenci\u00f3n.<\/p>\n<p><strong>\u2013Es decir que invierte mucho dinero en medioambiente y comunicaci\u00f3n, pese a que no le interesa demasiado instrumentar pol\u00edticas para su protecci\u00f3n&#8230;<\/strong><br \/>\n\u2013S\u00ed, son grandes financiadores. Incluso, si dejaran invertir habr\u00eda menos reuniones y encuentros con paneles de cient\u00edficos internacionales como los que se realizan. Se preocupan por demostrar al mundo que concentran esfuerzos en el tema y observan al cambio clim\u00e1tico como un punto estrat\u00e9gico, aunque temen que afecte su econom\u00eda.<\/p>\n<p><strong>\u2013En este marco, \u00bfc\u00f3mo imagina el futuro del cambio clim\u00e1tico?<\/strong><br \/>\n\u2013Nos dirigimos hacia un mundo complicado, con proyecciones de aumento de temperatura realmente preocupantes. En el mundo no existe un compromiso real para solucionar las problem\u00e1ticas ambientales, porque invertir en disminuir las emisiones, en general, lleva a aumentar los costos y resignar competitividad. De modo que los pa\u00edses se reh\u00fasan a este tipo de acciones. En el futuro cercano, (ya existen sobradas muestras en el presente) habr\u00e1 muchos eventos extremos y habr\u00e1 que acostumbrarse a convivir con ellos.<\/p>\n<p><strong>\u2013Por \u00faltimo, m\u00e1s all\u00e1 de su rol en gesti\u00f3n, es docente y en 2016 public\u00f3 un libro de divulgaci\u00f3n. \u00bfDe qu\u00e9 va El cient\u00edfico ambientalista? \u00a0<\/strong><br \/>\n\u2013En el libro realizo una analog\u00eda que asocia al planeta con un restaurante, con el objetivo de ilustrar la demanda excesiva de recursos naturales y el modo en que la tasa de consumo supera a la tasa de regeneraci\u00f3n de la naturaleza. Utilizo reglas nemot\u00e9cnicas que ayudan a los lectores a recordar los temas. El trabajo recupera problem\u00e1ticas ambientales de car\u00e1cter global (como el ozono y la desertificaci\u00f3n) y local (miner\u00eda, residuos s\u00f3lidos urbanos), y luego, en una segunda etapa, propongo estrategias tecnol\u00f3gicas y pol\u00edticas para combatirlas. Se trata de un material de divulgaci\u00f3n que se propone despertar el inter\u00e9s del p\u00fablico lector respecto a temas que circulan todo el tiempo y que adem\u00e1s forman parte y condicionan su existencia.<\/p>\n<p><strong>Pablo Esteban<\/strong><\/p>\n<\/div>\n<p><!--more--><\/p>\n<p><!--more--><\/p>\n","protected":false},"excerpt":{"rendered":"<p>Nazareno Castillo Marin Nazareno Castillo Mar\u00edn, Experto en cambio clim\u00e1tico y calentamiento global es doctor en Ciencias Biol\u00f3gicas (UBA) y docente de Ecolog\u00eda en la Untref. Entre 2007 y 2014 fue director de Cambio Clim\u00e1tico en la Secretar\u00eda de Ambiente y ahora es director de Financiamiento Internacional en el Ministerio del \u00e1rea. Aqu\u00ed explica las [&hellip;]<\/p>\n","protected":false},"author":2,"featured_media":0,"comment_status":"closed","ping_status":"open","sticky":false,"template":"","format":"aside","meta":{"footnotes":""},"categories":[8],"tags":[],"_links":{"self":[{"href":"http:\/\/apie.com.ar\/index.php?rest_route=\/wp\/v2\/posts\/669"}],"collection":[{"href":"http:\/\/apie.com.ar\/index.php?rest_route=\/wp\/v2\/posts"}],"about":[{"href":"http:\/\/apie.com.ar\/index.php?rest_route=\/wp\/v2\/types\/post"}],"author":[{"embeddable":true,"href":"http:\/\/apie.com.ar\/index.php?rest_route=\/wp\/v2\/users\/2"}],"replies":[{"embeddable":true,"href":"http:\/\/apie.com.ar\/index.php?rest_route=%2Fwp%2Fv2%2Fcomments&post=669"}],"version-history":[{"count":1,"href":"http:\/\/apie.com.ar\/index.php?rest_route=\/wp\/v2\/posts\/669\/revisions"}],"predecessor-version":[{"id":670,"href":"http:\/\/apie.com.ar\/index.php?rest_route=\/wp\/v2\/posts\/669\/revisions\/670"}],"wp:attachment":[{"href":"http:\/\/apie.com.ar\/index.php?rest_route=%2Fwp%2Fv2%2Fmedia&parent=669"}],"wp:term":[{"taxonomy":"category","embeddable":true,"href":"http:\/\/apie.com.ar\/index.php?rest_route=%2Fwp%2Fv2%2Fcategories&post=669"},{"taxonomy":"post_tag","embeddable":true,"href":"http:\/\/apie.com.ar\/index.php?rest_route=%2Fwp%2Fv2%2Ftags&post=669"}],"curies":[{"name":"wp","href":"https:\/\/api.w.org\/{rel}","templated":true}]}}